{"id":4016,"date":"2024-04-15T12:30:49","date_gmt":"2024-04-15T10:30:49","guid":{"rendered":"https:\/\/ist-polska.pl\/the-sense-experience-resort\/"},"modified":"2024-04-18T07:53:30","modified_gmt":"2024-04-18T05:53:30","slug":"le-sense-experience-resort","status":"publish","type":"post","link":"https:\/\/ist-polska.pl\/fr\/le-sense-experience-resort\/","title":{"rendered":"Le Sense Exp\u00e9rience Resort"},"content":{"rendered":"<p>[et_pb_section fb_built=\u00a0\u00bb1&Prime; use_custom_gutter=\u00a0\u00bbon\u00a0\u00bb gutter_width=\u00a0\u00bb2&Prime; specialty=\u00a0\u00bbon\u00a0\u00bb module_class=\u00a0\u00bbhotel-specjalna hotel-pierwsza\u00a0\u00bb _builder_version=\u00a0\u00bb4.20.2&Prime; _module_preset=\u00a0\u00bbdefault\u00a0\u00bb global_colors_info=\u00a0\u00bb{}\u00a0\u00bb][et_pb_column type=\u00a0\u00bb3_4&Prime; specialty_columns=\u00a0\u00bb3&Prime; _builder_version=\u00a0\u00bb4.16&Prime; custom_padding=\u00a0\u00bb|||\u00a0\u00bb global_colors_info=\u00a0\u00bb{}\u00a0\u00bb custom_padding__hover=\u00a0\u00bb|||\u00a0\u00bb][et_pb_row_inner module_class=\u00a0\u00bbhotel-pierwszy-wiersz\u00a0\u00bb _builder_version=\u00a0\u00bb4.20.2&Prime; _module_preset=\u00a0\u00bbdefault\u00a0\u00bb global_colors_info=\u00a0\u00bb{}\u00a0\u00bb][et_pb_column_inner saved_specialty_column_type=\u00a0\u00bb2_3&Prime; _builder_version=\u00a0\u00bb4.20.2&Prime; _module_preset=\u00a0\u00bbdefault\u00a0\u00bb global_colors_info=\u00a0\u00bb{}\u00a0\u00bb][dipl_breadcrumb breadcrumb_layout=\u00a0\u00bblayout2&Prime; separator_text=\u00a0\u00bb\/\u00a0\u00bb separator_color=\u00a0\u00bb#011638&Prime; use_home_link_custom_text=\u00a0\u00bbon\u00a0\u00bb home_link_text=\u00a0\u00bbStart\u00a0\u00bb module_class=\u00a0\u00bbhotel-okruszki\u00a0\u00bb _builder_version=\u00a0\u00bb4.20.2&Prime; _module_preset=\u00a0\u00bbdefault\u00a0\u00bb global_colors_info=\u00a0\u00bb{}\u00a0\u00bb][\/dipl_breadcrumb][et_pb_text admin_label=\u00a0\u00bbnazwa hotelu pobierana automatycznie z tytulu strony\u00a0\u00bb module_class=\u00a0\u00bbhotel-tytul\u00a0\u00bb _builder_version=\u00a0\u00bb4.20.2&Prime; _dynamic_attributes=\u00a0\u00bbcontent\u00a0\u00bb _module_preset=\u00a0\u00bbdefault\u00a0\u00bb global_colors_info=\u00a0\u00bb{}\u00a0\u00bb]@ET-DC@eyJkeW5hbWljIjp0cnVlLCJjb250ZW50IjoicG9zdF90aXRsZSIsInNldHRpbmdzIjp7ImJlZm9yZSI6IjxoMT4iLCJhZnRlciI6IjwvaDE+In19@[\/et_pb_text][et_pb_slider module_class=\u00a0\u00bbhotel-slider\u00a0\u00bb _builder_version=\u00a0\u00bb4.24.0&Prime; _module_preset=\u00a0\u00bbdefault\u00a0\u00bb global_colors_info=\u00a0\u00bb{}\u00a0\u00bb][et_pb_slide _builder_version=\u00a0\u00bb4.24.0&Prime; _module_preset=\u00a0\u00bbdefault\u00a0\u00bb background_enable_color=\u00a0\u00bboff\u00a0\u00bb background_image=\u00a0\u00bbhttps:\/\/ist-polska.pl\/wp-content\/uploads\/The-Sense-Experience-Resort-18.jpg\u00a0\u00bb background_enable_image=\u00a0\u00bbon\u00a0\u00bb global_colors_info=\u00a0\u00bb{}\u00a0\u00bb sticky_transition=\u00a0\u00bbon\u00a0\u00bb][\/et_pb_slide][et_pb_slide _builder_version=\u00a0\u00bb4.24.0&Prime; _module_preset=\u00a0\u00bbdefault\u00a0\u00bb background_enable_color=\u00a0\u00bboff\u00a0\u00bb background_image=\u00a0\u00bbhttps:\/\/ist-polska.pl\/wp-content\/uploads\/The-Sense-Experience-Resort-08.jpg\u00a0\u00bb background_enable_image=\u00a0\u00bbon\u00a0\u00bb global_colors_info=\u00a0\u00bb{}\u00a0\u00bb sticky_transition=\u00a0\u00bbon\u00a0\u00bb][\/et_pb_slide][et_pb_slide _builder_version=\u00a0\u00bb4.24.0&Prime; _module_preset=\u00a0\u00bbdefault\u00a0\u00bb background_enable_color=\u00a0\u00bboff\u00a0\u00bb background_image=\u00a0\u00bbhttps:\/\/ist-polska.pl\/wp-content\/uploads\/The-Sense-Experience-Resort-07.jpg\u00a0\u00bb background_enable_image=\u00a0\u00bbon\u00a0\u00bb global_colors_info=\u00a0\u00bb{}\u00a0\u00bb sticky_transition=\u00a0\u00bbon\u00a0\u00bb][\/et_pb_slide][et_pb_slide _builder_version=\u00a0\u00bb4.24.0&Prime; _module_preset=\u00a0\u00bbdefault\u00a0\u00bb background_enable_color=\u00a0\u00bboff\u00a0\u00bb background_image=\u00a0\u00bbhttps:\/\/ist-polska.pl\/wp-content\/uploads\/The-Sense-Experience-Resort-09.jpg\u00a0\u00bb background_enable_image=\u00a0\u00bbon\u00a0\u00bb global_colors_info=\u00a0\u00bb{}\u00a0\u00bb sticky_transition=\u00a0\u00bbon\u00a0\u00bb][\/et_pb_slide][et_pb_slide _builder_version=\u00a0\u00bb4.24.0&Prime; _module_preset=\u00a0\u00bbdefault\u00a0\u00bb background_enable_color=\u00a0\u00bboff\u00a0\u00bb background_image=\u00a0\u00bbhttps:\/\/ist-polska.pl\/wp-content\/uploads\/The-Sense-Experience-Resort-06.jpg\u00a0\u00bb background_enable_image=\u00a0\u00bbon\u00a0\u00bb global_colors_info=\u00a0\u00bb{}\u00a0\u00bb sticky_transition=\u00a0\u00bbon\u00a0\u00bb][\/et_pb_slide][et_pb_slide _builder_version=\u00a0\u00bb4.24.0&Prime; _module_preset=\u00a0\u00bbdefault\u00a0\u00bb background_enable_color=\u00a0\u00bboff\u00a0\u00bb background_image=\u00a0\u00bbhttps:\/\/ist-polska.pl\/wp-content\/uploads\/The-Sense-Experience-Resort-10.jpg\u00a0\u00bb background_enable_image=\u00a0\u00bbon\u00a0\u00bb global_colors_info=\u00a0\u00bb{}\u00a0\u00bb sticky_transition=\u00a0\u00bbon\u00a0\u00bb][\/et_pb_slide][et_pb_slide _builder_version=\u00a0\u00bb4.24.0&Prime; _module_preset=\u00a0\u00bbdefault\u00a0\u00bb background_enable_color=\u00a0\u00bboff\u00a0\u00bb background_image=\u00a0\u00bbhttps:\/\/ist-polska.pl\/wp-content\/uploads\/The-Sense-Experience-Resort-01.jpg\u00a0\u00bb background_enable_image=\u00a0\u00bbon\u00a0\u00bb global_colors_info=\u00a0\u00bb{}\u00a0\u00bb sticky_transition=\u00a0\u00bbon\u00a0\u00bb][\/et_pb_slide][et_pb_slide _builder_version=\u00a0\u00bb4.24.0&Prime; _module_preset=\u00a0\u00bbdefault\u00a0\u00bb background_enable_color=\u00a0\u00bboff\u00a0\u00bb background_image=\u00a0\u00bbhttps:\/\/ist-polska.pl\/wp-content\/uploads\/The-Sense-Experience-Resort-02.jpg\u00a0\u00bb background_enable_image=\u00a0\u00bbon\u00a0\u00bb global_colors_info=\u00a0\u00bb{}\u00a0\u00bb sticky_transition=\u00a0\u00bbon\u00a0\u00bb][\/et_pb_slide][et_pb_slide _builder_version=\u00a0\u00bb4.24.0&Prime; _module_preset=\u00a0\u00bbdefault\u00a0\u00bb background_enable_color=\u00a0\u00bboff\u00a0\u00bb background_image=\u00a0\u00bbhttps:\/\/ist-polska.pl\/wp-content\/uploads\/The-Sense-Experience-Resort-03.jpg\u00a0\u00bb background_enable_image=\u00a0\u00bbon\u00a0\u00bb global_colors_info=\u00a0\u00bb{}\u00a0\u00bb sticky_transition=\u00a0\u00bbon\u00a0\u00bb][\/et_pb_slide][et_pb_slide _builder_version=\u00a0\u00bb4.24.0&Prime; _module_preset=\u00a0\u00bbdefault\u00a0\u00bb background_enable_color=\u00a0\u00bboff\u00a0\u00bb background_image=\u00a0\u00bbhttps:\/\/ist-polska.pl\/wp-content\/uploads\/The-Sense-Experience-Resort-11.jpg\u00a0\u00bb background_enable_image=\u00a0\u00bbon\u00a0\u00bb global_colors_info=\u00a0\u00bb{}\u00a0\u00bb sticky_transition=\u00a0\u00bbon\u00a0\u00bb][\/et_pb_slide][et_pb_slide _builder_version=\u00a0\u00bb4.24.0&Prime; _module_preset=\u00a0\u00bbdefault\u00a0\u00bb background_enable_color=\u00a0\u00bboff\u00a0\u00bb background_image=\u00a0\u00bbhttps:\/\/ist-polska.pl\/wp-content\/uploads\/The-Sense-Experience-Resort-11-1.jpg\u00a0\u00bb background_enable_image=\u00a0\u00bbon\u00a0\u00bb global_colors_info=\u00a0\u00bb{}\u00a0\u00bb sticky_transition=\u00a0\u00bbon\u00a0\u00bb][\/et_pb_slide][et_pb_slide _builder_version=\u00a0\u00bb4.24.0&Prime; _module_preset=\u00a0\u00bbdefault\u00a0\u00bb background_enable_color=\u00a0\u00bboff\u00a0\u00bb background_image=\u00a0\u00bbhttps:\/\/ist-polska.pl\/wp-content\/uploads\/The-Sense-Experience-Resort-20.jpg\u00a0\u00bb background_enable_image=\u00a0\u00bbon\u00a0\u00bb global_colors_info=\u00a0\u00bb{}\u00a0\u00bb sticky_transition=\u00a0\u00bbon\u00a0\u00bb][\/et_pb_slide][et_pb_slide _builder_version=\u00a0\u00bb4.24.0&Prime; _module_preset=\u00a0\u00bbdefault\u00a0\u00bb background_enable_color=\u00a0\u00bboff\u00a0\u00bb background_image=\u00a0\u00bbhttps:\/\/ist-polska.pl\/wp-content\/uploads\/The-Sense-Experience-Resort-24.jpg\u00a0\u00bb background_enable_image=\u00a0\u00bbon\u00a0\u00bb global_colors_info=\u00a0\u00bb{}\u00a0\u00bb sticky_transition=\u00a0\u00bbon\u00a0\u00bb][\/et_pb_slide][et_pb_slide _builder_version=\u00a0\u00bb4.24.0&Prime; _module_preset=\u00a0\u00bbdefault\u00a0\u00bb background_enable_color=\u00a0\u00bboff\u00a0\u00bb background_image=\u00a0\u00bbhttps:\/\/ist-polska.pl\/wp-content\/uploads\/The-Sense-Experience-Resort-23.jpg\u00a0\u00bb background_enable_image=\u00a0\u00bbon\u00a0\u00bb global_colors_info=\u00a0\u00bb{}\u00a0\u00bb sticky_transition=\u00a0\u00bbon\u00a0\u00bb][\/et_pb_slide][et_pb_slide _builder_version=\u00a0\u00bb4.24.0&Prime; _module_preset=\u00a0\u00bbdefault\u00a0\u00bb background_enable_color=\u00a0\u00bboff\u00a0\u00bb background_image=\u00a0\u00bbhttps:\/\/ist-polska.pl\/wp-content\/uploads\/The-Sense-Experience-Resort-12.jpg\u00a0\u00bb background_enable_image=\u00a0\u00bbon\u00a0\u00bb global_colors_info=\u00a0\u00bb{}\u00a0\u00bb sticky_transition=\u00a0\u00bbon\u00a0\u00bb][\/et_pb_slide][et_pb_slide _builder_version=\u00a0\u00bb4.24.0&Prime; _module_preset=\u00a0\u00bbdefault\u00a0\u00bb background_enable_color=\u00a0\u00bboff\u00a0\u00bb background_image=\u00a0\u00bbhttps:\/\/ist-polska.pl\/wp-content\/uploads\/The-Sense-Experience-Resort-15.jpg\u00a0\u00bb background_enable_image=\u00a0\u00bbon\u00a0\u00bb global_colors_info=\u00a0\u00bb{}\u00a0\u00bb sticky_transition=\u00a0\u00bbon\u00a0\u00bb][\/et_pb_slide][et_pb_slide _builder_version=\u00a0\u00bb4.24.0&Prime; _module_preset=\u00a0\u00bbdefault\u00a0\u00bb background_enable_color=\u00a0\u00bboff\u00a0\u00bb background_image=\u00a0\u00bbhttps:\/\/ist-polska.pl\/wp-content\/uploads\/The-Sense-Experience-Resort-21.jpg\u00a0\u00bb background_enable_image=\u00a0\u00bbon\u00a0\u00bb global_colors_info=\u00a0\u00bb{}\u00a0\u00bb sticky_transition=\u00a0\u00bbon\u00a0\u00bb][\/et_pb_slide][et_pb_slide _builder_version=\u00a0\u00bb4.24.0&Prime; _module_preset=\u00a0\u00bbdefault\u00a0\u00bb background_enable_color=\u00a0\u00bboff\u00a0\u00bb background_image=\u00a0\u00bbhttps:\/\/ist-polska.pl\/wp-content\/uploads\/The-Sense-Experience-Resort-22.jpg\u00a0\u00bb background_enable_image=\u00a0\u00bbon\u00a0\u00bb global_colors_info=\u00a0\u00bb{}\u00a0\u00bb sticky_transition=\u00a0\u00bbon\u00a0\u00bb][\/et_pb_slide][et_pb_slide _builder_version=\u00a0\u00bb4.24.0&Prime; _module_preset=\u00a0\u00bbdefault\u00a0\u00bb background_enable_color=\u00a0\u00bboff\u00a0\u00bb background_image=\u00a0\u00bbhttps:\/\/ist-polska.pl\/wp-content\/uploads\/The-Sense-Experience-Resort-22.jpg\u00a0\u00bb background_enable_image=\u00a0\u00bbon\u00a0\u00bb global_colors_info=\u00a0\u00bb{}\u00a0\u00bb sticky_transition=\u00a0\u00bbon\u00a0\u00bb][\/et_pb_slide][\/et_pb_slider][\/et_pb_column_inner][\/et_pb_row_inner][et_pb_row_inner module_class=\u00a0\u00bbhotel-wiersz-opis\u00a0\u00bb _builder_version=\u00a0\u00bb4.20.2&Prime; _module_preset=\u00a0\u00bbdefault\u00a0\u00bb global_colors_info=\u00a0\u00bb{}\u00a0\u00bb][et_pb_column_inner saved_specialty_column_type=\u00a0\u00bb3_4&Prime; _builder_version=\u00a0\u00bb4.20.2&Prime; _module_preset=\u00a0\u00bbdefault\u00a0\u00bb global_colors_info=\u00a0\u00bb{}\u00a0\u00bb][et_pb_text admin_label=\u00a0\u00bbopis-hotelu\u00a0\u00bb module_class=\u00a0\u00bbhotel-opis\u00a0\u00bb _builder_version=\u00a0\u00bb4.24.0&Prime; _module_preset=\u00a0\u00bbdefault\u00a0\u00bb global_colors_info=\u00a0\u00bb{}\u00a0\u00bb]<\/p>\n<p>Il s&rsquo;agit d&rsquo;un h\u00f4tel de luxe 4 \u00e9toiles, unique situ\u00e9 \u00e0 proximit\u00e9 d&rsquo;une plage de sable et de galets avec une section priv\u00e9e r\u00e9serv\u00e9e aux clients de l&rsquo;h\u00f4tel. Le Sense Experience Resort est situ\u00e9 dans un lieu magique sur le golfe de Follonica, au c\u0153ur de la Maremme toscane. C&rsquo;est un coin de paradis en pleine nature, dans une dense for\u00eat de pins surplombant la plage de Torre Mozza, l&rsquo;une des plus belles et fascinantes de la r\u00e9gion.<\/p>\n<p>Le complexe dispose de 112 chambres, dont des chambres de luxe, des chambres standard sup\u00e9rieures et des appartements avec une ou deux chambres. Les options de restauration vont du d\u00eener ouvert toute la journ\u00e9e au tout nouveau restaurant gastronomique situ\u00e9 directement sur la plage. La plage priv\u00e9e est situ\u00e9e \u00e0 proximit\u00e9 d&rsquo;un parc de pins maritimes avec un acc\u00e8s exclusif pour les clients du complexe et une vue fantastique sur l&rsquo;\u00eele d&rsquo;Elbe.<\/p>\n<p>&nbsp;<\/p>\n<p>&nbsp;<\/p>\n<p>[\/et_pb_text][et_pb_divider show_divider=\u00a0\u00bboff\u00a0\u00bb module_class=\u00a0\u00bbseparator-film-tekst\u00a0\u00bb _builder_version=\u00a0\u00bb4.24.0&Prime; _module_preset=\u00a0\u00bbdefault\u00a0\u00bb custom_css_main_element=\u00a0\u00bbmi\u00a0\u00bb global_colors_info=\u00a0\u00bb{}\u00a0\u00bb][\/et_pb_divider][et_pb_video src=\u00a0\u00bbhttps:\/\/www.youtube.com\/watch?v=iCsOKS47Ie8&#038;t=1s\u00a0\u00bb _builder_version=\u00a0\u00bb4.24.0&Prime; _module_preset=\u00a0\u00bbdefault\u00a0\u00bb global_colors_info=\u00a0\u00bb{}\u00a0\u00bb][\/et_pb_video][\/et_pb_column_inner][\/et_pb_row_inner][\/et_pb_column][et_pb_column type=\u00a0\u00bb1_4&Prime; _builder_version=\u00a0\u00bb4.16&Prime; custom_padding=\u00a0\u00bb|||\u00a0\u00bb global_colors_info=\u00a0\u00bb{}\u00a0\u00bb custom_padding__hover=\u00a0\u00bb|||\u00a0\u00bb][et_pb_text admin_label=\u00a0\u00bbformularz kontaktowy\u00a0\u00bb module_class=\u00a0\u00bbhotel-formularz-boczny\u00a0\u00bb _builder_version=\u00a0\u00bb4.24.0&Prime; _module_preset=\u00a0\u00bbdefault\u00a0\u00bb hover_enabled=\u00a0\u00bb0&Prime; global_colors_info=\u00a0\u00bb{}\u00a0\u00bb sticky_enabled=\u00a0\u00bb0&Prime;]<\/p>\n\n<div class=\"wpcf7 no-js\" id=\"wpcf7-f1319-o1\" lang=\"pl-PL\" dir=\"ltr\">\n<div class=\"screen-reader-response\"><p role=\"status\" aria-live=\"polite\" aria-atomic=\"true\"><\/p> <ul><\/ul><\/div>\n<form action=\"\/fr\/wp-json\/wp\/v2\/posts\/4016#wpcf7-f1319-o1\" method=\"post\" class=\"wpcf7-form init\" aria-label=\"Formularz kontaktowy\" novalidate=\"novalidate\" data-status=\"init\">\n<div style=\"display: none;\">\n<input type=\"hidden\" name=\"_wpcf7\" value=\"1319\" \/>\n<input type=\"hidden\" name=\"_wpcf7_version\" value=\"5.8.6\" \/>\n<input type=\"hidden\" name=\"_wpcf7_locale\" value=\"pl_PL\" \/>\n<input type=\"hidden\" name=\"_wpcf7_unit_tag\" value=\"wpcf7-f1319-o1\" \/>\n<input type=\"hidden\" name=\"_wpcf7_container_post\" value=\"0\" \/>\n<input type=\"hidden\" name=\"_wpcf7_posted_data_hash\" value=\"\" \/>\n<input type=\"hidden\" name=\"_wpcf7cf_hidden_group_fields\" value=\"[]\" \/>\n<input type=\"hidden\" name=\"_wpcf7cf_hidden_groups\" value=\"[]\" \/>\n<input type=\"hidden\" name=\"_wpcf7cf_visible_groups\" value=\"[]\" \/>\n<input type=\"hidden\" name=\"_wpcf7cf_repeaters\" value=\"[]\" \/>\n<input type=\"hidden\" name=\"_wpcf7cf_steps\" value=\"{}\" \/>\n<input type=\"hidden\" name=\"_wpcf7cf_options\" value=\"{&quot;form_id&quot;:1319,&quot;conditions&quot;:[{&quot;then_field&quot;:&quot;dzieci-1&quot;,&quot;and_rules&quot;:[{&quot;if_field&quot;:&quot;melu-liczba-dzieci&quot;,&quot;operator&quot;:&quot;equals&quot;,&quot;if_value&quot;:&quot;1&quot;}]},{&quot;then_field&quot;:&quot;dzieci-2&quot;,&quot;and_rules&quot;:[{&quot;if_field&quot;:&quot;melu-liczba-dzieci&quot;,&quot;operator&quot;:&quot;equals&quot;,&quot;if_value&quot;:&quot;2&quot;}]},{&quot;then_field&quot;:&quot;dzieci-3&quot;,&quot;and_rules&quot;:[{&quot;if_field&quot;:&quot;melu-liczba-dzieci&quot;,&quot;operator&quot;:&quot;equals&quot;,&quot;if_value&quot;:&quot;3&quot;}]},{&quot;then_field&quot;:&quot;dzieci-4&quot;,&quot;and_rules&quot;:[{&quot;if_field&quot;:&quot;melu-liczba-dzieci&quot;,&quot;operator&quot;:&quot;equals&quot;,&quot;if_value&quot;:&quot;4&quot;}]},{&quot;then_field&quot;:&quot;dzieci-5&quot;,&quot;and_rules&quot;:[{&quot;if_field&quot;:&quot;melu-liczba-dzieci&quot;,&quot;operator&quot;:&quot;equals&quot;,&quot;if_value&quot;:&quot;5&quot;}]}],&quot;settings&quot;:{&quot;animation&quot;:&quot;yes&quot;,&quot;animation_intime&quot;:200,&quot;animation_outtime&quot;:200,&quot;conditions_ui&quot;:&quot;normal&quot;,&quot;notice_dismissed&quot;:false}}\" \/>\n<\/div>\n<div class=\"hotel_form_wrap\">\n\t<h2>Demandez une offre\n\t<\/h2>\n\t<p><span class=\"wpcf7-form-control-wrap\" data-name=\"your-name\"><input size=\"40\" class=\"wpcf7-form-control wpcf7-text wpcf7-validates-as-required\" aria-required=\"true\" aria-invalid=\"false\" placeholder=\"Nom et pr\u00e9nom*\" value=\"\" type=\"text\" name=\"your-name\" \/><\/span><br \/>\n<span class=\"wpcf7-form-control-wrap\" data-name=\"your-email\"><input size=\"40\" class=\"wpcf7-form-control wpcf7-email wpcf7-validates-as-required wpcf7-text wpcf7-validates-as-email\" aria-required=\"true\" aria-invalid=\"false\" placeholder=\"E-mail*\" value=\"\" type=\"email\" name=\"your-email\" \/><\/span><br \/>\n<span class=\"wpcf7-form-control-wrap\" data-name=\"your-phone\"><input size=\"40\" class=\"wpcf7-form-control wpcf7-text\" aria-invalid=\"false\" placeholder=\"T\u00e9l\u00e9phone\" value=\"\" type=\"text\" name=\"your-phone\" \/><\/span>\n\t<\/p>\n\t<div class=\"menu-liczba-dzieci\">\n\t\t<div class=\"menu-liczba-dzieci-label\">\n\t\t\t<p>Date d\u2019arriv\u00e9e:\n\t\t\t<\/p>\n\t\t<\/div>\n\t\t<div class=\"menu-liczba-dzieci-menu\">\n\t\t\t<p><span class=\"wpcf7-form-control-wrap\" data-name=\"date-212\"><input class=\"wpcf7-form-control wpcf7-date wpcf7-validates-as-date\" aria-invalid=\"false\" value=\"\" type=\"date\" name=\"date-212\" \/><\/span>\n\t\t\t<\/p>\n\t\t<\/div>\n\t<\/div>\n\t<div class=\"menu-liczba-dzieci\">\n\t\t<div class=\"menu-liczba-dzieci-label\">\n\t\t\t<p>Date de d\u00e9part:\n\t\t\t<\/p>\n\t\t<\/div>\n\t\t<div class=\"menu-liczba-dzieci-menu\">\n\t\t\t<p><span class=\"wpcf7-form-control-wrap\" data-name=\"date-486\"><input class=\"wpcf7-form-control wpcf7-date wpcf7-validates-as-date\" aria-invalid=\"false\" value=\"\" type=\"date\" name=\"date-486\" \/><\/span>\n\t\t\t<\/p>\n\t\t<\/div>\n\t<\/div>\n\t<div class=\"menu-liczba-dzieci\">\n\t\t<div class=\"menu-liczba-dzieci-label podwojnalinia-kontakt\">\n\t\t\t<p>Nombre d\u2019adultes:\n\t\t\t<\/p>\n\t\t<\/div>\n\t\t<div class=\"menu-liczba-dzieci-menu\">\n\t\t\t<p><span class=\"wpcf7-form-control-wrap\" data-name=\"melu-liczba-doroslych\"><select class=\"wpcf7-form-control wpcf7-select\" aria-invalid=\"false\" name=\"melu-liczba-doroslych\"><option value=\"0\">0<\/option><option value=\"1\">1<\/option><option value=\"2\">2<\/option><option value=\"3\">3<\/option><option value=\"4\">4<\/option><option value=\"5\">5<\/option><\/select><\/span>\n\t\t\t<\/p>\n\t\t<\/div>\n\t<\/div>\n\t<div class=\"menu-liczba-dzieci\">\n\t\t<div class=\"menu-liczba-dzieci-label podwojnalinia-kontakt\">\n\t\t\t<p>Nombre d\u2019enfants:\n\t\t\t<\/p>\n\t\t<\/div>\n\t\t<div class=\"menu-liczba-dzieci-menu\">\n\t\t\t<p><span class=\"wpcf7-form-control-wrap\" data-name=\"melu-liczba-dzieci\"><select class=\"wpcf7-form-control wpcf7-select\" aria-invalid=\"false\" name=\"melu-liczba-dzieci\"><option value=\"0\">0<\/option><option value=\"1\">1<\/option><option value=\"2\">2<\/option><option value=\"3\">3<\/option><option value=\"4\">4<\/option><option value=\"5\">5<\/option><\/select><\/span>\n\t\t\t<\/p>\n\t\t<\/div>\n\t<\/div>\n\t<div class=\"hotel_form_grupy-dzieci\">\n\t\t<div data-id=\"dzieci-1\" data-orig_data_id=\"dzieci-1\"  data-class=\"wpcf7cf_group\">\n\t\t\t<p><span class=\"wpcf7-form-control-wrap\" data-name=\"dzieci1\"><input size=\"40\" class=\"wpcf7-form-control wpcf7-text\" aria-invalid=\"false\" placeholder=\"Dziecko #1 wiek\" value=\"\" type=\"text\" name=\"dzieci1\" \/><\/span>\n\t\t\t<\/p>\n\t\t<\/div>\n\t\t<div data-id=\"dzieci-2\" data-orig_data_id=\"dzieci-2\"  data-class=\"wpcf7cf_group\">\n\t\t\t<p><span class=\"wpcf7-form-control-wrap\" data-name=\"dzieci-21\"><input size=\"40\" class=\"wpcf7-form-control wpcf7-text\" aria-invalid=\"false\" placeholder=\"Dziecko #1 wiek\" value=\"\" type=\"text\" name=\"dzieci-21\" \/><\/span><br \/>\n<span class=\"wpcf7-form-control-wrap\" data-name=\"dzieci-22\"><input size=\"40\" class=\"wpcf7-form-control wpcf7-text\" aria-invalid=\"false\" placeholder=\"Dziecko #2 wiek\" value=\"\" type=\"text\" name=\"dzieci-22\" \/><\/span>\n\t\t\t<\/p>\n\t\t<\/div>\n\t\t<div data-id=\"dzieci-3\" data-orig_data_id=\"dzieci-3\"  data-class=\"wpcf7cf_group\">\n\t\t\t<p><span class=\"wpcf7-form-control-wrap\" data-name=\"dzieci-31\"><input size=\"40\" class=\"wpcf7-form-control wpcf7-text\" aria-invalid=\"false\" placeholder=\"Dziecko #1 wiek\" value=\"\" type=\"text\" name=\"dzieci-31\" \/><\/span><br \/>\n<span class=\"wpcf7-form-control-wrap\" data-name=\"dzieci-32\"><input size=\"40\" class=\"wpcf7-form-control wpcf7-text\" aria-invalid=\"false\" placeholder=\"Dziecko #2 wiek\" value=\"\" type=\"text\" name=\"dzieci-32\" \/><\/span><br \/>\n<span class=\"wpcf7-form-control-wrap\" data-name=\"dzieci-33\"><input size=\"40\" class=\"wpcf7-form-control wpcf7-text\" aria-invalid=\"false\" placeholder=\"Dziecko #3 wiek\" value=\"\" type=\"text\" name=\"dzieci-33\" \/><\/span>\n\t\t\t<\/p>\n\t\t<\/div>\n\t\t<div data-id=\"dzieci-4\" data-orig_data_id=\"dzieci-4\"  data-class=\"wpcf7cf_group\">\n\t\t\t<p><span class=\"wpcf7-form-control-wrap\" data-name=\"dzieci-41\"><input size=\"40\" class=\"wpcf7-form-control wpcf7-text\" aria-invalid=\"false\" placeholder=\"Dziecko #1 wiek\" value=\"\" type=\"text\" name=\"dzieci-41\" \/><\/span><br \/>\n<span class=\"wpcf7-form-control-wrap\" data-name=\"dzieci-42\"><input size=\"40\" class=\"wpcf7-form-control wpcf7-text\" aria-invalid=\"false\" placeholder=\"Dziecko #2 wiek\" value=\"\" type=\"text\" name=\"dzieci-42\" \/><\/span><br \/>\n<span class=\"wpcf7-form-control-wrap\" data-name=\"dzieci-43\"><input size=\"40\" class=\"wpcf7-form-control wpcf7-text\" aria-invalid=\"false\" placeholder=\"Dziecko #3 wiek\" value=\"\" type=\"text\" name=\"dzieci-43\" \/><\/span><br \/>\n<span class=\"wpcf7-form-control-wrap\" data-name=\"dzieci-44\"><input size=\"40\" class=\"wpcf7-form-control wpcf7-text\" aria-invalid=\"false\" placeholder=\"Dziecko #4 wiek\" value=\"\" type=\"text\" name=\"dzieci-44\" \/><\/span>\n\t\t\t<\/p>\n\t\t<\/div>\n\t\t<div data-id=\"dzieci-5\" data-orig_data_id=\"dzieci-5\"  data-class=\"wpcf7cf_group\">\n\t\t\t<div class=\"dzieci-grupa-5\">\n\t\t\t\t<div class=\"dzieci-grupa-51\">\n\t\t\t\t\t<p><span class=\"wpcf7-form-control-wrap\" data-name=\"dzieci-51\"><input size=\"40\" class=\"wpcf7-form-control wpcf7-text\" aria-invalid=\"false\" placeholder=\"Dziecko #1 wiek\" value=\"\" type=\"text\" name=\"dzieci-51\" \/><\/span>\n\t\t\t\t\t<\/p>\n\t\t\t\t<\/div>\n\t\t\t\t<div class=\"dzieci-grupa-52\">\n\t\t\t\t\t<p><span class=\"wpcf7-form-control-wrap\" data-name=\"dzieci-52\"><input size=\"40\" class=\"wpcf7-form-control wpcf7-text\" aria-invalid=\"false\" placeholder=\"Dziecko #2 wiek\" value=\"\" type=\"text\" name=\"dzieci-52\" \/><\/span>\n\t\t\t\t\t<\/p>\n\t\t\t\t<\/div>\n\t\t\t\t<div class=\"dzieci-grupa-53\">\n\t\t\t\t\t<p><span class=\"wpcf7-form-control-wrap\" data-name=\"dzieci-53\"><input size=\"40\" class=\"wpcf7-form-control wpcf7-text\" aria-invalid=\"false\" placeholder=\"Dziecko #3 wiek\" value=\"\" type=\"text\" name=\"dzieci-53\" \/><\/span>\n\t\t\t\t\t<\/p>\n\t\t\t\t<\/div>\n\t\t\t\t<div class=\"dzieci-grupa-54\">\n\t\t\t\t\t<p><span class=\"wpcf7-form-control-wrap\" data-name=\"dzieci-54\"><input size=\"40\" class=\"wpcf7-form-control wpcf7-text\" aria-invalid=\"false\" placeholder=\"Dziecko #4 wiek\" value=\"\" type=\"text\" name=\"dzieci-54\" \/><\/span>\n\t\t\t\t\t<\/p>\n\t\t\t\t<\/div>\n\t\t\t\t<div class=\"dzieci-grupa-55\">\n\t\t\t\t\t<p><span class=\"wpcf7-form-control-wrap\" data-name=\"dzieci-55\"><input size=\"40\" class=\"wpcf7-form-control wpcf7-text\" aria-invalid=\"false\" placeholder=\"Dziecko #5 wiek\" value=\"\" type=\"text\" name=\"dzieci-55\" \/><\/span>\n\t\t\t\t\t<\/p>\n\t\t\t\t<\/div>\n\t\t\t<\/div>\n\t\t<\/div>\n\t<\/div>\n\t<div class=\"menu-liczba-dzieci\">\n\t\t<div class=\"menu-liczba-dzieci-label podwojnalinia-kontakt\">\n\t\t\t<p>Nombre de chambres:\n\t\t\t<\/p>\n\t\t<\/div>\n\t\t<div class=\"menu-liczba-dzieci-menu\">\n\t\t\t<p><span class=\"wpcf7-form-control-wrap\" data-name=\"melu-liczba-doroslych\"><select class=\"wpcf7-form-control wpcf7-select\" aria-invalid=\"false\" name=\"melu-liczba-doroslych\"><option value=\"0\">0<\/option><option value=\"1\">1<\/option><option value=\"2\">2<\/option><option value=\"3\">3<\/option><option value=\"4\">4<\/option><option value=\"5\">5<\/option><\/select><\/span>\n\t\t\t<\/p>\n\t\t<\/div>\n\t<\/div>\n\t<p><span class=\"wpcf7-form-control-wrap\" data-name=\"your-message\"><textarea cols=\"40\" rows=\"10\" class=\"wpcf7-form-control wpcf7-textarea\" aria-invalid=\"false\" placeholder=\"Message\" name=\"your-message\"><\/textarea><\/span>\n\t<\/p>\n\t<div class=\"menu-quiz\">\n\t\t<div class=\"menu-quiz-label\">\n\t\t\t<p><span class=\"wpcf7-form-control-wrap\" data-name=\"capital-quiz\"><label><span class=\"wpcf7-quiz-label\">What is bigger 2 or 5?<\/span> <input size=\"40\" class=\"wpcf7-form-control wpcf7-quiz\" id=\"qatest\" autocomplete=\"off\" aria-required=\"true\" aria-invalid=\"false\" type=\"text\" name=\"capital-quiz\" \/><\/label><input type=\"hidden\" name=\"_wpcf7_quiz_answer_capital-quiz\" value=\"f8e93ab46c99b6bd983799c54e7c5d96\" \/><\/span>\n\t\t\t<\/p>\n\t\t<\/div>\n\t<\/div>\n\t<div class=\"hotel-form_rodo\">\n\t\t<p><span class=\"wpcf7-form-control-wrap\" data-name=\"rodo_stopka-pl\"><span class=\"wpcf7-form-control wpcf7-acceptance\"><span class=\"wpcf7-list-item\"><label><input type=\"checkbox\" name=\"rodo_stopka-pl\" value=\"1\" aria-invalid=\"false\" \/><span class=\"wpcf7-list-item-label\">L'administrateur des donn\u00e9es personnelles que vous fournissez est International Sporting Travel Polska Sp. z o.o.. Vos donn\u00e9es personnelles seront trait\u00e9es afin d'envoyer une r\u00e9ponse \u00e0 la question pos\u00e9e dans le formulaire. Vous trouverez plus d'informations sur le traitement de vos donn\u00e9es personnelles dans la  <a href=\"https:\/\/ist-polska.pl\/fr\/politique-de-confidentialite\/\">politique de confidentialit\u00e9*<\/a><\/span><\/label><\/span><\/span><\/span><br \/>\n<br \/>\n<input class=\"wpcf7-form-control wpcf7-submit has-spinner\" type=\"submit\" value=\"Envoyer\" \/>\n\t\t<\/p>\n\t<\/div>\n<\/div><input type='hidden' class='wpcf7-pum' value='{\"closepopup\":false,\"closedelay\":0,\"openpopup\":false,\"openpopup_id\":0}' \/><div class=\"wpcf7-response-output\" aria-hidden=\"true\"><\/div>\n<\/form>\n<\/div>\n\n<p>[\/et_pb_text][\/et_pb_column][\/et_pb_section][et_pb_section fb_built=\u00a0\u00bb1&Prime; module_class=\u00a0\u00bbhotel-sekcja-notkowa\u00a0\u00bb _builder_version=\u00a0\u00bb4.20.2&Prime; _module_preset=\u00a0\u00bbdefault\u00a0\u00bb global_colors_info=\u00a0\u00bb{}\u00a0\u00bb][et_pb_row column_structure=\u00a0\u00bb3_5,2_5&Prime; module_class=\u00a0\u00bbhotel-wiersz-notkowy\u00a0\u00bb _builder_version=\u00a0\u00bb4.20.2&Prime; _module_preset=\u00a0\u00bbdefault\u00a0\u00bb global_colors_info=\u00a0\u00bb{}\u00a0\u00bb][et_pb_column type=\u00a0\u00bb3_5&Prime; _builder_version=\u00a0\u00bb4.20.2&Prime; _module_preset=\u00a0\u00bbdefault\u00a0\u00bb global_colors_info=\u00a0\u00bb{}\u00a0\u00bb][et_pb_blurb title=\u00a0\u00bbLocalisation \/ Acc\u00e8s \u00a0\u00bb icon_placement=\u00a0\u00bbleft\u00a0\u00bb admin_label=\u00a0\u00bblokalizacja\u00a0\u00bb module_class=\u00a0\u00bbnotka-hotelowa notka-lokalizacja\u00a0\u00bb _builder_version=\u00a0\u00bb4.24.0&Prime; _module_preset=\u00a0\u00bbdefault\u00a0\u00bb global_colors_info=\u00a0\u00bb{}\u00a0\u00bb]<\/p>\n<p>Viale Italia, 315 58022 Follonica (GR) &#8211; Italie<\/p>\n<p>Le transfert depuis l&rsquo;a\u00e9roport est disponible moyennant des frais suppl\u00e9mentaires.<\/p>\n<p>[\/et_pb_blurb][et_pb_blurb title=\u00a0\u00bbRestaurants\u00a0\u00bb icon_placement=\u00a0\u00bbleft\u00a0\u00bb admin_label=\u00a0\u00bbKuchnia\u00a0\u00bb module_class=\u00a0\u00bbnotka-hotelowa notka-kuchnia\u00a0\u00bb _builder_version=\u00a0\u00bb4.24.0&Prime; _module_preset=\u00a0\u00bbdefault\u00a0\u00bb global_colors_info=\u00a0\u00bb{}\u00a0\u00bb]<\/p>\n<ul>\n<li><strong>Le restaurant Dimor\u00e0<\/strong> est le restaurant ouvert au petit-d\u00e9jeuner, au d\u00e9jeuner et au d\u00eener avec un service \u00e0 table. Des plats r\u00e9alis\u00e9s avec des ingr\u00e9dients simples et naturels qui rendent hommage \u00e0 la tradition.<br \/>Le restaurant Dimor\u00e0, avec services aux tables, est ouvert:<br \/>&#8211; au petit-d\u00e9jeuner (buffet): 7h30 \u2013 10h30;<br \/>&#8211; au d\u00e9jeuner: 12h00 \u2013 16h00;<br \/>&#8211; au d\u00eener: 19h00 \u2013 22h00 en basse et moyenne saison | 19h00 \u2013 22h30 en haute saison.<\/li>\n<li><strong>Le restaurant romantique Eat\u00e9 directement sur la plage.<\/strong><br \/>L\u2019id\u00e9al pour ceux qui souhaitent vivre une <strong>vraie exp\u00e9rience gastronomique<\/strong>, avec des plats r\u00e9gionaux r\u00e9interpr\u00e9t\u00e9s dans un style moderne et r\u00e9alis\u00e9s avec des produits de proximit\u00e9. Avec possibilit\u00e9 d\u2019une <strong>table r\u00e9serv\u00e9e en terrasse avec vue sur la mer.<br \/><\/strong>Eat\u00e9 est ouvert avec un service aux tables de 19h30 \u00e0 21h30. Jour de fermeture : lundi.<\/li>\n<li><strong>Le bar \u00e0 cocktails The Sense Resort<br \/><\/strong>le mixology bar ouvert jusque tard dans la nuit. Situ\u00e9 sur la place centrale du resort, face \u00e0 la mer, parfait pour une pause rapide ou pour un ap\u00e9ritif.<br \/>Le choix est aussi important dans les types de service, avec prime location service, service au parasol, service \u00e0 table traditionnel, buffet de petit-d\u00e9jeuner, service au comptoir.<br \/>Le bar \u00e0 cocktails The Sense Resort est ouvert de 10 h 30 jusqu\u2019\u00e0 00 h 30 avec un horaire continu.<\/li>\n<\/ul>\n<p>[\/et_pb_blurb][\/et_pb_column][et_pb_column type=\u00a0\u00bb2_5&Prime; _builder_version=\u00a0\u00bb4.20.2&Prime; _module_preset=\u00a0\u00bbdefault\u00a0\u00bb global_colors_info=\u00a0\u00bb{}\u00a0\u00bb][et_pb_blurb title=\u00a0\u00bbH\u00e9bergement\u00a0\u00bb icon_placement=\u00a0\u00bbleft\u00a0\u00bb admin_label=\u00a0\u00bbZakwaterowanie\u00a0\u00bb module_class=\u00a0\u00bbnotka-hotelowa notka-zakwaterowanie\u00a0\u00bb _builder_version=\u00a0\u00bb4.24.0&Prime; _module_preset=\u00a0\u00bbdefault\u00a0\u00bb global_colors_info=\u00a0\u00bb{}\u00a0\u00bb]<\/p>\n<p>Le Sense Experience Resort propose 112 chambres et suites.<\/p>\n<p>Descriptif des chambres et suites :<\/p>\n<ul>\n<li><strong>Chambres Sup\u00e9rieures avec jardin<\/strong> \u2013 avec ardin privatif, au rez-de-chauss\u00e9e, superficie : 26 m2, pour 2 \u00e0 4 personnes.<\/li>\n<li><strong>Chambres Sup\u00e9rieures vue mer<\/strong> &#8211; avec balcon, avec une belle vue sur la mer, superficie : 23 m2, pour 2-3 personnes.<\/li>\n<li><strong>Chambres doubles Deluxe<\/strong> &#8211; avec balcon, superficie : 29 m2, pour 2 \u00e0 4 personnes.<\/li>\n<li><strong>Chambres doubles Deluxe avec vue sur la mer, l&rsquo;\u00eele d&rsquo;Elbe<\/strong> &#8211; avec balcon, superficie : 29 m2, pour 2 \u00e0 4 personnes.<\/li>\n<li><strong>Chambres Confort avec balcon ou jardin<\/strong> \u2013 superficie : 20 m2, pour 2 personnes.<\/li>\n<li><strong>Chambres Confort avec vue mer lat\u00e9rale<\/strong> &#8211; avec balcon, superficie : 20 m2, pour 2 personnes.<\/li>\n<li><strong>Chambres Junior Suite avec vue mer<\/strong> &#8211; avec balcon, avec 2 grands lits, superficie : 37 m2, pour 2 \u00e0 4 personnes.<\/li>\n<li><strong>Chambres Suite de 2 chambres et jacuzzi avec vue sur la mer<\/strong> &#8211; avec terrasse d&rsquo;env. 44 m2, avec un jacuzzi pour 4 personnes avec vue mer, superficie : 38 m2, pour 2 \u00e0 4 personnes.<\/li>\n<li><strong>Chambres Suite avec 1 chambre et salon<\/strong> &#8211; avec terrasse, au premier \u00e9tage, avec balcon, superficie : 33 m2, pour 2 \u00e0 4 personnes.<\/li>\n<li><strong>Chambres Suite avec jardin privatif avec 1 chambre<\/strong> &#8211; au rez-de-chauss\u00e9e, avec jardin privatif, superficie : 46 m2, pour 2 \u00e0 4 personnes.<\/li>\n<li><strong>Chambres Suite avec Jacuzzi dans la chambre<\/strong> &#8211; avec vue mer, superficie : 35 m2, avec balcon, pour 2 personnes.<\/li>\n<li><strong>Chambres Suite avec vue mer lat\u00e9rale<\/strong> &#8211; avec balcon, superficie : 37 m2, avec vue mer partielle, pour 2-4 personnes.<\/li>\n<\/ul>\n<p>[\/et_pb_blurb][et_pb_blurb title=\u00a0\u00bbAktywno\u015b\u0107, rozrywka, atrakcje\u00a0\u00bb icon_placement=\u00a0\u00bbleft\u00a0\u00bb admin_label=\u00a0\u00bbAktywnosc\u00a0\u00bb module_class=\u00a0\u00bbnotka-hotelowa notka-aktywnosc\u00a0\u00bb _builder_version=\u00a0\u00bb4.24.0&Prime; _module_preset=\u00a0\u00bbdefault\u00a0\u00bb global_colors_info=\u00a0\u00bb{}\u00a0\u00bb]<\/p>\n<ul>\n<li><strong>podgrzewany basen<\/strong> zewn\u0119trzny nad morzem w Toskanii; Nasz basen ma 25 metr\u00f3w d\u0142ugo\u015bci i jest wype\u0142niony wod\u0105 o temperaturze 28\u00b0.<\/li>\n<li><strong>rower<\/strong>y, dost\u0119pne w naszym hotelu na kr\u00f3tkie wycieczki.<\/li>\n<li><strong>Pakiet Fitness w Toskanii<\/strong>: Oferta szkole\u0144 i trenera personalnego Fitness w hotelu ze specjaln\u0105 ofert\u0105 stworzon\u0105 dla tych, kt\u00f3rzy chc\u0105 prze\u017cy\u0107 wspania\u0142e wakacje, zachowuj\u0105c jednocze\u015bnie form\u0119. To specjalna oferta oferowana przez The Sense Experience Resort, obowi\u0105zuj\u0105ca wy\u0142\u0105cznie dla Go\u015bci zatrzymuj\u0105cych si\u0119 w jednym z hotelowych apartament\u00f3w.<\/li>\n<li><strong>Tenis<\/strong> &#8211; na naszym wielofunkcyjnym boisku mo\u017cna \u0107wiczy\u0107 swoje umiej\u0119tno\u015bci gry w koszyk\u00f3wk\u0119, siatk\u00f3wk\u0119 i tenisa.<\/li>\n<li><strong>Golf<\/strong>: w niewielkiej odleg\u0142o\u015bci od naszego o\u015brodka znajduj\u0105 si\u0119 cztery z najlepszych p\u00f3l golfowych we W\u0142oszech, z kt\u00f3rych niekt\u00f3re oferuj\u0105 wspania\u0142e widoki na wysp\u0119 Elb\u0119.<\/li>\n<li><strong>\u015acie\u017cka \u015awitu<\/strong>: to bardziej prywatna i samotna trasa, kt\u00f3ra polega na wej\u015bciu na wydm\u0119 w lesie d\u0119b\u00f3w ostrolistnych i dotarciu na platform\u0119 zwr\u00f3con\u0105 w stron\u0119 morza.B\u0142\u0119kitnego morza, kt\u00f3re rozp\u0142ywa si\u0119 na niebie.<\/li>\n<li><strong>Ogr\u00f3dek Warzywny<\/strong> to miejsce przeznaczone zar\u00f3wno do u\u017cytku w kuchni, jak i jako propozycja ogrodniczo-terapeutyczna dla go\u015bci kompleksu The Sense.<br \/>Ogr\u00f3d warzywny dost\u0119pny dla ka\u017cdego, kto chce do\u015bwiadczy\u0107 ogrodnictwa.<br \/>Aromatyczne zio\u0142a, sezonowe warzywa i jadalne kwiaty s\u0105 surowcem do dozna\u0144 w\u0119chowych, smakowych, wizualnych, dotykowych i d\u017awi\u0119kowych.<\/li>\n<li><strong>Ekologia miejsca<\/strong>: oferujemy wycieczki botaniczne w celu poznania gatunk\u00f3w makii \u015br\u00f3dziemnomorskiej i gatunk\u00f3w endemicznych wyst\u0119puj\u0105cych w parku, z kartami etno botanicznymi niekt\u00f3rych autochtonicznych gatunk\u00f3w ro\u015blin wyst\u0119puj\u0105cych w parku, gatunk\u00f3w ro\u015blin wyst\u0119puj\u0105cych w ogrodach i kwieciste \u0142\u0105ki.<\/li>\n<li><strong>Wybrze\u017ce Etruskie<\/strong> \u2013 \u015blady historyczne cywilizacji oraz dzia\u0142alno\u015bci hutnictwa \u017celaza na wyspie Elba prowadzonej przez ludno\u015b\u0107 Etrusk\u00f3w.<\/li>\n<\/ul>\n<p>[\/et_pb_blurb][\/et_pb_column][\/et_pb_row][\/et_pb_section][et_pb_section fb_built=\u00a0\u00bb1&Prime; module_class=\u00a0\u00bbhotel-sekcja-mapa\u00a0\u00bb _builder_version=\u00a0\u00bb4.20.2&Prime; _module_preset=\u00a0\u00bbdefault\u00a0\u00bb global_colors_info=\u00a0\u00bb{}\u00a0\u00bb][et_pb_row _builder_version=\u00a0\u00bb4.20.2&Prime; _module_preset=\u00a0\u00bbdefault\u00a0\u00bb global_colors_info=\u00a0\u00bb{}\u00a0\u00bb][et_pb_column type=\u00a0\u00bb4_4&Prime; _builder_version=\u00a0\u00bb4.20.2&Prime; _module_preset=\u00a0\u00bbdefault\u00a0\u00bb global_colors_info=\u00a0\u00bb{}\u00a0\u00bb][et_pb_code admin_label=\u00a0\u00bbkod z mapy google maps\u00a0\u00bb _builder_version=\u00a0\u00bb4.24.0&Prime; _module_preset=\u00a0\u00bbdefault\u00a0\u00bb global_colors_info=\u00a0\u00bb{}\u00a0\u00bb]<iframe src=\"https:\/\/www.google.com\/maps\/embed?pb=!1m18!1m12!1m3!1d2920.7826823107007!2d10.711946399999997!3d42.940708099999995!2m3!1f0!2f0!3f0!3m2!1i1024!2i768!4f13.1!3m3!1m2!1s0x1329dc2c6a7d572f%3A0x88912e1baebee6b5!2sThe%20Sense%20Experience%20Resort!5e0!3m2!1sfr!2spl!4v1713419396829!5m2!1sfr!2spl\" width=\"1350\" height=\"600\" style=\"border:0;\" allowfullscreen=\"\" loading=\"lazy\" referrerpolicy=\"no-referrer-when-downgrade\"><\/iframe>[\/et_pb_code][\/et_pb_column][\/et_pb_row][\/et_pb_section]<\/p>\n","protected":false},"excerpt":{"rendered":"<p><div class=\"et_pb_module dipl_breadcrumb dipl_breadcrumb_0 hotel-okruszki\">\n\t\t\t\t\n\t\t\t\t\n\t\t\t\t\n\t\t\t\t\n\t\t\t\t\n\t\t\t\t\n\t\t\t\t<div class=\"et_pb_module_inner\">\n\t\t\t\t\t<div class=\"dipl-breadcrumb-wrapper layout2\">\n\t\t\t\t\t\t\t\t<ol class=\"dipl-breadcrumb-inner\" vocab=\"https:\/\/schema.org\/\" typeof=\"BreadcrumbList\">\n\t\t\t\t\t\t\t\t\t<li property=\"itemListElement\" typeof=\"ListItem\" data-icon=\"&#x24;\">\n\t\t\t\t\t\t\t\t\t\t\t\t\t    <a class=\"breadcrumb-item dipl-home-page\" href=\"https:\/\/ist-polska.pl\/fr\/\" property=\"item\" typeof=\"WebPage\" >\n\t\t\t\t\t\t\t\t\t\t\t\t\t      \t<span class=\"breadcrumb-page\" property=\"name\">Start<\/span>\n\t\t\t\t\t\t\t\t\t\t\t\t\t    <\/a>\n\t\t\t\t\t\t\t\t\t\t\t\t\t    <meta property=\"position\" content=\"1\" \/>\n\t\t\t\t\t\t\t\t\t\t\t\t\t<\/li>\n\t\t\t\t\t\t\t\t<\/ol>\n\t\t\t\t\t\t\t<\/div>\n\t\t\t\t<\/div>\n\t\t\t<\/div>Il s&rsquo;agit d&rsquo;un h\u00f4tel de luxe 4 \u00e9toiles, unique situ\u00e9 \u00e0 proximit\u00e9 d&rsquo;une plage de sable et de galets avec une section priv\u00e9e r\u00e9serv\u00e9e aux clients de l&rsquo;h\u00f4tel. Le Sense Experience Resort est situ\u00e9 dans un lieu magique sur le golfe de Follonica, au c\u0153ur de [&hellip;]<\/p>\n","protected":false},"author":1,"featured_media":3926,"comment_status":"closed","ping_status":"closed","sticky":false,"template":"","format":"standard","meta":{"_et_pb_use_builder":"on","_et_pb_old_content":"","_et_gb_content_width":"","footnotes":""},"categories":[61,73,106],"tags":[],"yoast_head":"<!-- This site is optimized with the Yoast SEO plugin v21.9 - https:\/\/yoast.com\/wordpress\/plugins\/seo\/ -->\n<title>Le Sense Exp\u00e9rience Resort - IST Polska<\/title>\n<meta name=\"description\" content=\"Il s\u2019agit d\u2019un h\u00f4tel de luxe 4 \u00e9toiles, unique situ\u00e9 \u00e0 proximit\u00e9 d\u2019une plage de sable et de galets avec une section priv\u00e9e r\u00e9serv\u00e9e aux clients de l\u2019h\u00f4tel.\" \/>\n<meta name=\"robots\" content=\"index, follow, max-snippet:-1, max-image-preview:large, max-video-preview:-1\" \/>\n<link rel=\"canonical\" href=\"https:\/\/ist-polska.pl\/fr\/le-sense-experience-resort\/\" \/>\n<meta property=\"og:locale\" content=\"fr_FR\" \/>\n<meta property=\"og:type\" content=\"article\" \/>\n<meta property=\"og:title\" content=\"Le Sense Exp\u00e9rience Resort\" \/>\n<meta property=\"og:description\" content=\"Il s\u2019agit d\u2019un h\u00f4tel de luxe 4 \u00e9toiles, unique situ\u00e9 \u00e0 proximit\u00e9 d\u2019une plage de sable et de galets avec une section priv\u00e9e r\u00e9serv\u00e9e aux clients de l\u2019h\u00f4tel.\" \/>\n<meta property=\"og:url\" content=\"https:\/\/ist-polska.pl\/fr\/le-sense-experience-resort\/\" \/>\n<meta property=\"og:site_name\" content=\"IST Polska\" \/>\n<meta property=\"article:published_time\" content=\"2024-04-15T10:30:49+00:00\" \/>\n<meta property=\"article:modified_time\" content=\"2024-04-18T05:53:30+00:00\" \/>\n<meta property=\"og:image\" content=\"https:\/\/ist-polska.pl\/wp-content\/uploads\/The-Sense-Experience-Resort-18.jpg\" \/>\n\t<meta property=\"og:image:width\" content=\"1024\" \/>\n\t<meta property=\"og:image:height\" content=\"460\" \/>\n\t<meta property=\"og:image:type\" content=\"image\/jpeg\" \/>\n<meta name=\"author\" content=\"Redakcja\" \/>\n<meta name=\"twitter:card\" content=\"summary_large_image\" \/>\n<meta name=\"twitter:title\" content=\"Le Sense Exp\u00e9rience Resort\" \/>\n<meta name=\"twitter:description\" content=\"Il s\u2019agit d\u2019un h\u00f4tel de luxe 4 \u00e9toiles, unique situ\u00e9 \u00e0 proximit\u00e9 d\u2019une plage de sable et de galets avec une section priv\u00e9e r\u00e9serv\u00e9e aux clients de l\u2019h\u00f4tel.\" \/>\n<meta name=\"twitter:image\" content=\"https:\/\/ist-polska.pl\/wp-content\/uploads\/The-Sense-Experience-Resort-18.jpg\" \/>\n<meta name=\"twitter:label1\" content=\"\u00c9crit par\" \/>\n\t<meta name=\"twitter:data1\" content=\"Redakcja\" \/>\n\t<meta name=\"twitter:label2\" content=\"Dur\u00e9e de lecture estim\u00e9e\" \/>\n\t<meta name=\"twitter:data2\" content=\"6 minutes\" \/>\n<script type=\"application\/ld+json\" class=\"yoast-schema-graph\">{\"@context\":\"https:\/\/schema.org\",\"@graph\":[{\"@type\":\"WebPage\",\"@id\":\"https:\/\/ist-polska.pl\/fr\/le-sense-experience-resort\/\",\"url\":\"https:\/\/ist-polska.pl\/fr\/le-sense-experience-resort\/\",\"name\":\"Le Sense Exp\u00e9rience Resort - IST Polska\",\"isPartOf\":{\"@id\":\"https:\/\/ist-polska.pl\/#website\"},\"datePublished\":\"2024-04-15T10:30:49+00:00\",\"dateModified\":\"2024-04-18T05:53:30+00:00\",\"author\":{\"@id\":\"https:\/\/ist-polska.pl\/#\/schema\/person\/d5bdd2b327e99bc22a1bb191d17f0574\"},\"description\":\"Il s\u2019agit d\u2019un h\u00f4tel de luxe 4 \u00e9toiles, unique situ\u00e9 \u00e0 proximit\u00e9 d\u2019une plage de sable et de galets avec une section priv\u00e9e r\u00e9serv\u00e9e aux clients de l\u2019h\u00f4tel.\",\"breadcrumb\":{\"@id\":\"https:\/\/ist-polska.pl\/fr\/le-sense-experience-resort\/#breadcrumb\"},\"inLanguage\":\"fr-FR\",\"potentialAction\":[{\"@type\":\"ReadAction\",\"target\":[\"https:\/\/ist-polska.pl\/fr\/le-sense-experience-resort\/\"]}]},{\"@type\":\"BreadcrumbList\",\"@id\":\"https:\/\/ist-polska.pl\/fr\/le-sense-experience-resort\/#breadcrumb\",\"itemListElement\":[{\"@type\":\"ListItem\",\"position\":1,\"name\":\"Strona g\u0142\u00f3wna\",\"item\":\"https:\/\/ist-polska.pl\/fr\/\"},{\"@type\":\"ListItem\",\"position\":2,\"name\":\"Europa\",\"item\":\"https:\/\/ist-polska.pl\/kierunek\/europa\/\"},{\"@type\":\"ListItem\",\"position\":3,\"name\":\"W\u0142ochy\",\"item\":\"https:\/\/ist-polska.pl\/kierunek\/europa\/wlochy\/\"},{\"@type\":\"ListItem\",\"position\":4,\"name\":\"Toscane\",\"item\":\"https:\/\/ist-polska.pl\/fr\/destinations\/europe\/italie\/toskania-fr\/\"},{\"@type\":\"ListItem\",\"position\":5,\"name\":\"Le Sense Exp\u00e9rience Resort\"}]},{\"@type\":\"WebSite\",\"@id\":\"https:\/\/ist-polska.pl\/#website\",\"url\":\"https:\/\/ist-polska.pl\/\",\"name\":\"IST Polska\",\"description\":\"Wyj\u0105tkowe biuro podr\u00f3\u017cy\",\"potentialAction\":[{\"@type\":\"SearchAction\",\"target\":{\"@type\":\"EntryPoint\",\"urlTemplate\":\"https:\/\/ist-polska.pl\/?s={search_term_string}\"},\"query-input\":\"required name=search_term_string\"}],\"inLanguage\":\"fr-FR\"},{\"@type\":\"Person\",\"@id\":\"https:\/\/ist-polska.pl\/#\/schema\/person\/d5bdd2b327e99bc22a1bb191d17f0574\",\"name\":\"Redakcja\",\"sameAs\":[\"https:\/\/serwer2358584.home.pl\/ist\"],\"url\":\"https:\/\/ist-polska.pl\/fr\/author\/8kierun\/\"}]}<\/script>\n<!-- \/ Yoast SEO plugin. -->","yoast_head_json":{"title":"Le Sense Exp\u00e9rience Resort - IST Polska","description":"Il s\u2019agit d\u2019un h\u00f4tel de luxe 4 \u00e9toiles, unique situ\u00e9 \u00e0 proximit\u00e9 d\u2019une plage de sable et de galets avec une section priv\u00e9e r\u00e9serv\u00e9e aux clients de l\u2019h\u00f4tel.","robots":{"index":"index","follow":"follow","max-snippet":"max-snippet:-1","max-image-preview":"max-image-preview:large","max-video-preview":"max-video-preview:-1"},"canonical":"https:\/\/ist-polska.pl\/fr\/le-sense-experience-resort\/","og_locale":"fr_FR","og_type":"article","og_title":"Le Sense Exp\u00e9rience Resort","og_description":"Il s\u2019agit d\u2019un h\u00f4tel de luxe 4 \u00e9toiles, unique situ\u00e9 \u00e0 proximit\u00e9 d\u2019une plage de sable et de galets avec une section priv\u00e9e r\u00e9serv\u00e9e aux clients de l\u2019h\u00f4tel.","og_url":"https:\/\/ist-polska.pl\/fr\/le-sense-experience-resort\/","og_site_name":"IST Polska","article_published_time":"2024-04-15T10:30:49+00:00","article_modified_time":"2024-04-18T05:53:30+00:00","og_image":[{"width":1024,"height":460,"url":"https:\/\/ist-polska.pl\/wp-content\/uploads\/The-Sense-Experience-Resort-18.jpg","type":"image\/jpeg"}],"author":"Redakcja","twitter_card":"summary_large_image","twitter_title":"Le Sense Exp\u00e9rience Resort","twitter_description":"Il s\u2019agit d\u2019un h\u00f4tel de luxe 4 \u00e9toiles, unique situ\u00e9 \u00e0 proximit\u00e9 d\u2019une plage de sable et de galets avec une section priv\u00e9e r\u00e9serv\u00e9e aux clients de l\u2019h\u00f4tel.","twitter_image":"https:\/\/ist-polska.pl\/wp-content\/uploads\/The-Sense-Experience-Resort-18.jpg","twitter_misc":{"\u00c9crit par":"Redakcja","Dur\u00e9e de lecture estim\u00e9e":"6 minutes"},"schema":{"@context":"https:\/\/schema.org","@graph":[{"@type":"WebPage","@id":"https:\/\/ist-polska.pl\/fr\/le-sense-experience-resort\/","url":"https:\/\/ist-polska.pl\/fr\/le-sense-experience-resort\/","name":"Le Sense Exp\u00e9rience Resort - IST Polska","isPartOf":{"@id":"https:\/\/ist-polska.pl\/#website"},"datePublished":"2024-04-15T10:30:49+00:00","dateModified":"2024-04-18T05:53:30+00:00","author":{"@id":"https:\/\/ist-polska.pl\/#\/schema\/person\/d5bdd2b327e99bc22a1bb191d17f0574"},"description":"Il s\u2019agit d\u2019un h\u00f4tel de luxe 4 \u00e9toiles, unique situ\u00e9 \u00e0 proximit\u00e9 d\u2019une plage de sable et de galets avec une section priv\u00e9e r\u00e9serv\u00e9e aux clients de l\u2019h\u00f4tel.","breadcrumb":{"@id":"https:\/\/ist-polska.pl\/fr\/le-sense-experience-resort\/#breadcrumb"},"inLanguage":"fr-FR","potentialAction":[{"@type":"ReadAction","target":["https:\/\/ist-polska.pl\/fr\/le-sense-experience-resort\/"]}]},{"@type":"BreadcrumbList","@id":"https:\/\/ist-polska.pl\/fr\/le-sense-experience-resort\/#breadcrumb","itemListElement":[{"@type":"ListItem","position":1,"name":"Strona g\u0142\u00f3wna","item":"https:\/\/ist-polska.pl\/fr\/"},{"@type":"ListItem","position":2,"name":"Europa","item":"https:\/\/ist-polska.pl\/kierunek\/europa\/"},{"@type":"ListItem","position":3,"name":"W\u0142ochy","item":"https:\/\/ist-polska.pl\/kierunek\/europa\/wlochy\/"},{"@type":"ListItem","position":4,"name":"Toscane","item":"https:\/\/ist-polska.pl\/fr\/destinations\/europe\/italie\/toskania-fr\/"},{"@type":"ListItem","position":5,"name":"Le Sense Exp\u00e9rience Resort"}]},{"@type":"WebSite","@id":"https:\/\/ist-polska.pl\/#website","url":"https:\/\/ist-polska.pl\/","name":"IST Polska","description":"Wyj\u0105tkowe biuro podr\u00f3\u017cy","potentialAction":[{"@type":"SearchAction","target":{"@type":"EntryPoint","urlTemplate":"https:\/\/ist-polska.pl\/?s={search_term_string}"},"query-input":"required name=search_term_string"}],"inLanguage":"fr-FR"},{"@type":"Person","@id":"https:\/\/ist-polska.pl\/#\/schema\/person\/d5bdd2b327e99bc22a1bb191d17f0574","name":"Redakcja","sameAs":["https:\/\/serwer2358584.home.pl\/ist"],"url":"https:\/\/ist-polska.pl\/fr\/author\/8kierun\/"}]}},"_links":{"self":[{"href":"https:\/\/ist-polska.pl\/fr\/wp-json\/wp\/v2\/posts\/4016"}],"collection":[{"href":"https:\/\/ist-polska.pl\/fr\/wp-json\/wp\/v2\/posts"}],"about":[{"href":"https:\/\/ist-polska.pl\/fr\/wp-json\/wp\/v2\/types\/post"}],"author":[{"embeddable":true,"href":"https:\/\/ist-polska.pl\/fr\/wp-json\/wp\/v2\/users\/1"}],"replies":[{"embeddable":true,"href":"https:\/\/ist-polska.pl\/fr\/wp-json\/wp\/v2\/comments?post=4016"}],"version-history":[{"count":7,"href":"https:\/\/ist-polska.pl\/fr\/wp-json\/wp\/v2\/posts\/4016\/revisions"}],"predecessor-version":[{"id":4028,"href":"https:\/\/ist-polska.pl\/fr\/wp-json\/wp\/v2\/posts\/4016\/revisions\/4028"}],"wp:featuredmedia":[{"embeddable":true,"href":"https:\/\/ist-polska.pl\/fr\/wp-json\/wp\/v2\/media\/3926"}],"wp:attachment":[{"href":"https:\/\/ist-polska.pl\/fr\/wp-json\/wp\/v2\/media?parent=4016"}],"wp:term":[{"taxonomy":"category","embeddable":true,"href":"https:\/\/ist-polska.pl\/fr\/wp-json\/wp\/v2\/categories?post=4016"},{"taxonomy":"post_tag","embeddable":true,"href":"https:\/\/ist-polska.pl\/fr\/wp-json\/wp\/v2\/tags?post=4016"}],"curies":[{"name":"wp","href":"https:\/\/api.w.org\/{rel}","templated":true}]}}